{"id":3423,"date":"2020-08-13T16:52:29","date_gmt":"2020-08-13T16:52:29","guid":{"rendered":"https:\/\/qubyx.com\/?p=3423"},"modified":"2026-08-31T09:23:47","modified_gmt":"2026-08-31T09:23:47","slug":"imagerie-medicale-imac-comment-la-gestion-des-couleurs-de-limac-peut-elle-decalibrer-votre-ecran","status":"publish","type":"post","link":"https:\/\/qubyx.com\/fr\/imagerie-medicale-imac-comment-la-gestion-des-couleurs-de-limac-peut-elle-decalibrer-votre-ecran\/","title":{"rendered":"Imagerie m\u00e9dicale iMac : Comment la gestion des couleurs de l\u2019iMac peut-elle d\u00e9calibrer votre \u00e9cran ?"},"content":{"rendered":"<div>Extr\u00eamement populaires aupr\u00e8s des consommateurs, les machines iMac gagnent progressivement \u2013 et de mani\u00e8re assez pr\u00e9visible \u2013 sur le march\u00e9 de l\u2019imagerie m\u00e9dicale. De plus en plus d\u2019iMac sont utilis\u00e9s pour le diagnostic et la relecture, notamment comme postes de travail domestiques. Le visionneur DICOM open <a href=\"http:\/\/www.osirix-viewer.com\/\" target=\"_blank\" rel=\"noopener\">source Osirix<\/a> conna\u00eet un grand succ\u00e8s dans le monde m\u00e9dical, tout comme sa <a href=\"http:\/\/pixmeo.pixmeo.com\/products.html#OsiriXMD\" target=\"_blank\" rel=\"noopener\">version approuv\u00e9e par la FDA et certifi\u00e9e CE<\/a>, propos\u00e9e par Pixmeo.  <\/div>\n<div><\/div>\n<div>\n<p>Mais le fait est que le syst\u00e8me sophistiqu\u00e9 de gestion des couleurs dont sont \u00e9quip\u00e9s les Mac peut \u00eatre assez compliqu\u00e9 pour un \u00e9cran m\u00e9dical. Il offre de nombreux avantages pour une reproduction correcte des couleurs et de la luminance, mais peut aussi pr\u00e9senter un risque si la configuration est incorrecte. <\/p>\n<h4>Comment fonctionne la gestion des couleurs dans l\u2019iMac ?<\/h4>\n<\/div>\n<div>Mac OS utilise des profils ICC pour appliquer une LUT de correction (g\u00e9n\u00e9ralement appel\u00e9e Gamma) au bureau, mais applique aussi des LUT 3D \u00e0 l\u2019int\u00e9rieur de l\u2019application d\u2019imagerie. La gestion des couleurs ne peut pas \u00eatre d\u00e9sactiv\u00e9e sur Mac, et une correction sera toujours appliqu\u00e9e \u00e0 la fois sur le bureau et dans l\u2019application d\u2019imagerie. <\/div>\n","protected":false},"excerpt":{"rendered":"<p>Imagerie m\u00e9dicale iMac : Comment la gestion des couleurs de l\u2019iMac peut faire appara\u00eetre votre \u00e9cran&#8230;<\/p>\n","protected":false},"author":1487,"featured_media":2917,"comment_status":"closed","ping_status":"closed","sticky":false,"template":"","format":"standard","meta":{"_acf_changed":false,"footnotes":""},"categories":[72],"tags":[],"class_list":["post-3423","post","type-post","status-publish","format-standard","has-post-thumbnail","hentry","category-technical-notes"],"acf":[],"yoast_head":"<!-- This site is optimized with the Yoast SEO plugin v28.1 - https:\/\/yoast.com\/product\/yoast-seo-wordpress\/ -->\n<title>Imagerie m\u00e9dicale iMac : Comment la gestion des couleurs de l\u2019iMac peut-elle d\u00e9calibrer votre \u00e9cran ? | QUBYX<\/title>\n<meta name=\"robots\" content=\"index, follow, max-snippet:-1, max-image-preview:large, max-video-preview:-1\" \/>\n<link rel=\"canonical\" href=\"https:\/\/qubyx.com\/fr\/imagerie-medicale-imac-comment-la-gestion-des-couleurs-de-limac-peut-elle-decalibrer-votre-ecran\/\" \/>\n<meta property=\"og:locale\" content=\"fr_FR\" \/>\n<meta property=\"og:type\" content=\"article\" \/>\n<meta property=\"og:title\" content=\"Imagerie m\u00e9dicale iMac : Comment la gestion des couleurs de l\u2019iMac peut-elle d\u00e9calibrer votre \u00e9cran ? | QUBYX\" \/>\n<meta property=\"og:description\" content=\"Imagerie m\u00e9dicale iMac : Comment la gestion des couleurs de l\u2019iMac peut faire appara\u00eetre votre \u00e9cran...\" \/>\n<meta property=\"og:url\" content=\"https:\/\/qubyx.com\/fr\/imagerie-medicale-imac-comment-la-gestion-des-couleurs-de-limac-peut-elle-decalibrer-votre-ecran\/\" \/>\n<meta property=\"og:site_name\" content=\"QUBYX\" \/>\n<meta property=\"article:published_time\" content=\"2020-08-13T16:52:29+00:00\" \/>\n<meta property=\"article:modified_time\" content=\"2026-08-31T09:23:47+00:00\" \/>\n<meta property=\"og:image\" content=\"https:\/\/qubyx.com\/wp-content\/uploads\/legacy-articles\/2020\/07\/lum-fda-slider.png\" \/>\n\t<meta property=\"og:image:width\" content=\"900\" \/>\n\t<meta property=\"og:image:height\" content=\"703\" \/>\n\t<meta property=\"og:image:type\" content=\"image\/png\" \/>\n<meta name=\"author\" content=\"qubyx\" \/>\n<meta name=\"twitter:card\" content=\"summary_large_image\" \/>\n<meta name=\"twitter:label1\" content=\"\u00c9crit par\" \/>\n\t<meta name=\"twitter:data1\" content=\"qubyx\" \/>\n\t<meta name=\"twitter:label2\" content=\"Dur\u00e9e de lecture estim\u00e9e\" \/>\n\t<meta name=\"twitter:data2\" content=\"1 minute\" \/>\n<script type=\"application\/ld+json\" class=\"yoast-schema-graph\">{\"@context\":\"https:\\\/\\\/schema.org\",\"@graph\":[{\"@type\":\"Article\",\"@id\":\"https:\\\/\\\/qubyx.com\\\/fr\\\/imagerie-medicale-imac-comment-la-gestion-des-couleurs-de-limac-peut-elle-decalibrer-votre-ecran\\\/#article\",\"isPartOf\":{\"@id\":\"https:\\\/\\\/qubyx.com\\\/fr\\\/imagerie-medicale-imac-comment-la-gestion-des-couleurs-de-limac-peut-elle-decalibrer-votre-ecran\\\/\"},\"author\":{\"name\":\"qubyx\",\"@id\":\"https:\\\/\\\/qubyx.com\\\/fr\\\/#\\\/schema\\\/person\\\/e1c8196331260a784b4fa9a8c439386e\"},\"headline\":\"Imagerie m\u00e9dicale iMac : Comment la gestion des couleurs de l\u2019iMac peut-elle d\u00e9calibrer votre \u00e9cran ?\",\"datePublished\":\"2020-08-13T16:52:29+00:00\",\"dateModified\":\"2026-08-31T09:23:47+00:00\",\"mainEntityOfPage\":{\"@id\":\"https:\\\/\\\/qubyx.com\\\/fr\\\/imagerie-medicale-imac-comment-la-gestion-des-couleurs-de-limac-peut-elle-decalibrer-votre-ecran\\\/\"},\"wordCount\":228,\"image\":{\"@id\":\"https:\\\/\\\/qubyx.com\\\/fr\\\/imagerie-medicale-imac-comment-la-gestion-des-couleurs-de-limac-peut-elle-decalibrer-votre-ecran\\\/#primaryimage\"},\"thumbnailUrl\":\"https:\\\/\\\/qubyx.com\\\/wp-content\\\/uploads\\\/legacy-articles\\\/2020\\\/07\\\/lum-fda-slider.png\",\"articleSection\":[\"Notes techniques\"],\"inLanguage\":\"fr-FR\"},{\"@type\":\"WebPage\",\"@id\":\"https:\\\/\\\/qubyx.com\\\/fr\\\/imagerie-medicale-imac-comment-la-gestion-des-couleurs-de-limac-peut-elle-decalibrer-votre-ecran\\\/\",\"url\":\"https:\\\/\\\/qubyx.com\\\/fr\\\/imagerie-medicale-imac-comment-la-gestion-des-couleurs-de-limac-peut-elle-decalibrer-votre-ecran\\\/\",\"name\":\"Imagerie m\u00e9dicale iMac : Comment la gestion des couleurs de l\u2019iMac peut-elle d\u00e9calibrer votre \u00e9cran ? | QUBYX\",\"isPartOf\":{\"@id\":\"https:\\\/\\\/qubyx.com\\\/fr\\\/#website\"},\"primaryImageOfPage\":{\"@id\":\"https:\\\/\\\/qubyx.com\\\/fr\\\/imagerie-medicale-imac-comment-la-gestion-des-couleurs-de-limac-peut-elle-decalibrer-votre-ecran\\\/#primaryimage\"},\"image\":{\"@id\":\"https:\\\/\\\/qubyx.com\\\/fr\\\/imagerie-medicale-imac-comment-la-gestion-des-couleurs-de-limac-peut-elle-decalibrer-votre-ecran\\\/#primaryimage\"},\"thumbnailUrl\":\"https:\\\/\\\/qubyx.com\\\/wp-content\\\/uploads\\\/legacy-articles\\\/2020\\\/07\\\/lum-fda-slider.png\",\"datePublished\":\"2020-08-13T16:52:29+00:00\",\"dateModified\":\"2026-08-31T09:23:47+00:00\",\"author\":{\"@id\":\"https:\\\/\\\/qubyx.com\\\/fr\\\/#\\\/schema\\\/person\\\/e1c8196331260a784b4fa9a8c439386e\"},\"breadcrumb\":{\"@id\":\"https:\\\/\\\/qubyx.com\\\/fr\\\/imagerie-medicale-imac-comment-la-gestion-des-couleurs-de-limac-peut-elle-decalibrer-votre-ecran\\\/#breadcrumb\"},\"inLanguage\":\"fr-FR\",\"potentialAction\":[{\"@type\":\"ReadAction\",\"target\":[\"https:\\\/\\\/qubyx.com\\\/fr\\\/imagerie-medicale-imac-comment-la-gestion-des-couleurs-de-limac-peut-elle-decalibrer-votre-ecran\\\/\"]}]},{\"@type\":\"ImageObject\",\"inLanguage\":\"fr-FR\",\"@id\":\"https:\\\/\\\/qubyx.com\\\/fr\\\/imagerie-medicale-imac-comment-la-gestion-des-couleurs-de-limac-peut-elle-decalibrer-votre-ecran\\\/#primaryimage\",\"url\":\"https:\\\/\\\/qubyx.com\\\/wp-content\\\/uploads\\\/legacy-articles\\\/2020\\\/07\\\/lum-fda-slider.png\",\"contentUrl\":\"https:\\\/\\\/qubyx.com\\\/wp-content\\\/uploads\\\/legacy-articles\\\/2020\\\/07\\\/lum-fda-slider.png\",\"width\":900,\"height\":703,\"caption\":\"perfectlum4 fda approved imac\"},{\"@type\":\"BreadcrumbList\",\"@id\":\"https:\\\/\\\/qubyx.com\\\/fr\\\/imagerie-medicale-imac-comment-la-gestion-des-couleurs-de-limac-peut-elle-decalibrer-votre-ecran\\\/#breadcrumb\",\"itemListElement\":[{\"@type\":\"ListItem\",\"position\":1,\"name\":\"Home\",\"item\":\"https:\\\/\\\/qubyx.com\\\/fr\\\/\"},{\"@type\":\"ListItem\",\"position\":2,\"name\":\"Imagerie m\u00e9dicale iMac : Comment la gestion des couleurs de l\u2019iMac peut-elle d\u00e9calibrer votre \u00e9cran ?\"}]},{\"@type\":\"WebSite\",\"@id\":\"https:\\\/\\\/qubyx.com\\\/fr\\\/#website\",\"url\":\"https:\\\/\\\/qubyx.com\\\/fr\\\/\",\"name\":\"QUBYX\",\"description\":\"Display Calibration &amp; Fleet QA\",\"potentialAction\":[{\"@type\":\"SearchAction\",\"target\":{\"@type\":\"EntryPoint\",\"urlTemplate\":\"https:\\\/\\\/qubyx.com\\\/fr\\\/?s={search_term_string}\"},\"query-input\":{\"@type\":\"PropertyValueSpecification\",\"valueRequired\":true,\"valueName\":\"search_term_string\"}}],\"inLanguage\":\"fr-FR\"},{\"@type\":\"Person\",\"@id\":\"https:\\\/\\\/qubyx.com\\\/fr\\\/#\\\/schema\\\/person\\\/e1c8196331260a784b4fa9a8c439386e\",\"name\":\"qubyx\",\"image\":{\"@type\":\"ImageObject\",\"inLanguage\":\"fr-FR\",\"@id\":\"https:\\\/\\\/secure.gravatar.com\\\/avatar\\\/cc1a2c7614119d2c08653a010847a6d8a311ee410714d22be7f098037de7f3c5?s=96&d=mm&r=g\",\"url\":\"https:\\\/\\\/secure.gravatar.com\\\/avatar\\\/cc1a2c7614119d2c08653a010847a6d8a311ee410714d22be7f098037de7f3c5?s=96&d=mm&r=g\",\"contentUrl\":\"https:\\\/\\\/secure.gravatar.com\\\/avatar\\\/cc1a2c7614119d2c08653a010847a6d8a311ee410714d22be7f098037de7f3c5?s=96&d=mm&r=g\",\"caption\":\"qubyx\"},\"url\":\"https:\\\/\\\/qubyx.com\\\/fr\\\/author\\\/qubyx\\\/\"}]}<\/script>\n<!-- \/ Yoast SEO plugin. -->","yoast_head_json":{"title":"Imagerie m\u00e9dicale iMac : Comment la gestion des couleurs de l\u2019iMac peut-elle d\u00e9calibrer votre \u00e9cran ? | QUBYX","robots":{"index":"index","follow":"follow","max-snippet":"max-snippet:-1","max-image-preview":"max-image-preview:large","max-video-preview":"max-video-preview:-1"},"canonical":"https:\/\/qubyx.com\/fr\/imagerie-medicale-imac-comment-la-gestion-des-couleurs-de-limac-peut-elle-decalibrer-votre-ecran\/","og_locale":"fr_FR","og_type":"article","og_title":"Imagerie m\u00e9dicale iMac : Comment la gestion des couleurs de l\u2019iMac peut-elle d\u00e9calibrer votre \u00e9cran ? | QUBYX","og_description":"Imagerie m\u00e9dicale iMac : Comment la gestion des couleurs de l\u2019iMac peut faire appara\u00eetre votre \u00e9cran...","og_url":"https:\/\/qubyx.com\/fr\/imagerie-medicale-imac-comment-la-gestion-des-couleurs-de-limac-peut-elle-decalibrer-votre-ecran\/","og_site_name":"QUBYX","article_published_time":"2020-08-13T16:52:29+00:00","article_modified_time":"2026-08-31T09:23:47+00:00","og_image":[{"width":900,"height":703,"url":"https:\/\/qubyx.com\/wp-content\/uploads\/legacy-articles\/2020\/07\/lum-fda-slider.png","type":"image\/png"}],"author":"qubyx","twitter_card":"summary_large_image","twitter_misc":{"\u00c9crit par":"qubyx","Dur\u00e9e de lecture estim\u00e9e":"1 minute"},"schema":{"@context":"https:\/\/schema.org","@graph":[{"@type":"Article","@id":"https:\/\/qubyx.com\/fr\/imagerie-medicale-imac-comment-la-gestion-des-couleurs-de-limac-peut-elle-decalibrer-votre-ecran\/#article","isPartOf":{"@id":"https:\/\/qubyx.com\/fr\/imagerie-medicale-imac-comment-la-gestion-des-couleurs-de-limac-peut-elle-decalibrer-votre-ecran\/"},"author":{"name":"qubyx","@id":"https:\/\/qubyx.com\/fr\/#\/schema\/person\/e1c8196331260a784b4fa9a8c439386e"},"headline":"Imagerie m\u00e9dicale iMac : Comment la gestion des couleurs de l\u2019iMac peut-elle d\u00e9calibrer votre \u00e9cran ?","datePublished":"2020-08-13T16:52:29+00:00","dateModified":"2026-08-31T09:23:47+00:00","mainEntityOfPage":{"@id":"https:\/\/qubyx.com\/fr\/imagerie-medicale-imac-comment-la-gestion-des-couleurs-de-limac-peut-elle-decalibrer-votre-ecran\/"},"wordCount":228,"image":{"@id":"https:\/\/qubyx.com\/fr\/imagerie-medicale-imac-comment-la-gestion-des-couleurs-de-limac-peut-elle-decalibrer-votre-ecran\/#primaryimage"},"thumbnailUrl":"https:\/\/qubyx.com\/wp-content\/uploads\/legacy-articles\/2020\/07\/lum-fda-slider.png","articleSection":["Notes techniques"],"inLanguage":"fr-FR"},{"@type":"WebPage","@id":"https:\/\/qubyx.com\/fr\/imagerie-medicale-imac-comment-la-gestion-des-couleurs-de-limac-peut-elle-decalibrer-votre-ecran\/","url":"https:\/\/qubyx.com\/fr\/imagerie-medicale-imac-comment-la-gestion-des-couleurs-de-limac-peut-elle-decalibrer-votre-ecran\/","name":"Imagerie m\u00e9dicale iMac : Comment la gestion des couleurs de l\u2019iMac peut-elle d\u00e9calibrer votre \u00e9cran ? | QUBYX","isPartOf":{"@id":"https:\/\/qubyx.com\/fr\/#website"},"primaryImageOfPage":{"@id":"https:\/\/qubyx.com\/fr\/imagerie-medicale-imac-comment-la-gestion-des-couleurs-de-limac-peut-elle-decalibrer-votre-ecran\/#primaryimage"},"image":{"@id":"https:\/\/qubyx.com\/fr\/imagerie-medicale-imac-comment-la-gestion-des-couleurs-de-limac-peut-elle-decalibrer-votre-ecran\/#primaryimage"},"thumbnailUrl":"https:\/\/qubyx.com\/wp-content\/uploads\/legacy-articles\/2020\/07\/lum-fda-slider.png","datePublished":"2020-08-13T16:52:29+00:00","dateModified":"2026-08-31T09:23:47+00:00","author":{"@id":"https:\/\/qubyx.com\/fr\/#\/schema\/person\/e1c8196331260a784b4fa9a8c439386e"},"breadcrumb":{"@id":"https:\/\/qubyx.com\/fr\/imagerie-medicale-imac-comment-la-gestion-des-couleurs-de-limac-peut-elle-decalibrer-votre-ecran\/#breadcrumb"},"inLanguage":"fr-FR","potentialAction":[{"@type":"ReadAction","target":["https:\/\/qubyx.com\/fr\/imagerie-medicale-imac-comment-la-gestion-des-couleurs-de-limac-peut-elle-decalibrer-votre-ecran\/"]}]},{"@type":"ImageObject","inLanguage":"fr-FR","@id":"https:\/\/qubyx.com\/fr\/imagerie-medicale-imac-comment-la-gestion-des-couleurs-de-limac-peut-elle-decalibrer-votre-ecran\/#primaryimage","url":"https:\/\/qubyx.com\/wp-content\/uploads\/legacy-articles\/2020\/07\/lum-fda-slider.png","contentUrl":"https:\/\/qubyx.com\/wp-content\/uploads\/legacy-articles\/2020\/07\/lum-fda-slider.png","width":900,"height":703,"caption":"perfectlum4 fda approved imac"},{"@type":"BreadcrumbList","@id":"https:\/\/qubyx.com\/fr\/imagerie-medicale-imac-comment-la-gestion-des-couleurs-de-limac-peut-elle-decalibrer-votre-ecran\/#breadcrumb","itemListElement":[{"@type":"ListItem","position":1,"name":"Home","item":"https:\/\/qubyx.com\/fr\/"},{"@type":"ListItem","position":2,"name":"Imagerie m\u00e9dicale iMac : Comment la gestion des couleurs de l\u2019iMac peut-elle d\u00e9calibrer votre \u00e9cran ?"}]},{"@type":"WebSite","@id":"https:\/\/qubyx.com\/fr\/#website","url":"https:\/\/qubyx.com\/fr\/","name":"QUBYX","description":"Display Calibration &amp; Fleet QA","potentialAction":[{"@type":"SearchAction","target":{"@type":"EntryPoint","urlTemplate":"https:\/\/qubyx.com\/fr\/?s={search_term_string}"},"query-input":{"@type":"PropertyValueSpecification","valueRequired":true,"valueName":"search_term_string"}}],"inLanguage":"fr-FR"},{"@type":"Person","@id":"https:\/\/qubyx.com\/fr\/#\/schema\/person\/e1c8196331260a784b4fa9a8c439386e","name":"qubyx","image":{"@type":"ImageObject","inLanguage":"fr-FR","@id":"https:\/\/secure.gravatar.com\/avatar\/cc1a2c7614119d2c08653a010847a6d8a311ee410714d22be7f098037de7f3c5?s=96&d=mm&r=g","url":"https:\/\/secure.gravatar.com\/avatar\/cc1a2c7614119d2c08653a010847a6d8a311ee410714d22be7f098037de7f3c5?s=96&d=mm&r=g","contentUrl":"https:\/\/secure.gravatar.com\/avatar\/cc1a2c7614119d2c08653a010847a6d8a311ee410714d22be7f098037de7f3c5?s=96&d=mm&r=g","caption":"qubyx"},"url":"https:\/\/qubyx.com\/fr\/author\/qubyx\/"}]}},"_links":{"self":[{"href":"https:\/\/qubyx.com\/fr\/wp-json\/wp\/v2\/posts\/3423","targetHints":{"allow":["GET"]}}],"collection":[{"href":"https:\/\/qubyx.com\/fr\/wp-json\/wp\/v2\/posts"}],"about":[{"href":"https:\/\/qubyx.com\/fr\/wp-json\/wp\/v2\/types\/post"}],"author":[{"embeddable":true,"href":"https:\/\/qubyx.com\/fr\/wp-json\/wp\/v2\/users\/1487"}],"replies":[{"embeddable":true,"href":"https:\/\/qubyx.com\/fr\/wp-json\/wp\/v2\/comments?post=3423"}],"version-history":[{"count":1,"href":"https:\/\/qubyx.com\/fr\/wp-json\/wp\/v2\/posts\/3423\/revisions"}],"predecessor-version":[{"id":4161,"href":"https:\/\/qubyx.com\/fr\/wp-json\/wp\/v2\/posts\/3423\/revisions\/4161"}],"wp:featuredmedia":[{"embeddable":true,"href":"https:\/\/qubyx.com\/fr\/wp-json\/wp\/v2\/media\/2917"}],"wp:attachment":[{"href":"https:\/\/qubyx.com\/fr\/wp-json\/wp\/v2\/media?parent=3423"}],"wp:term":[{"taxonomy":"category","embeddable":true,"href":"https:\/\/qubyx.com\/fr\/wp-json\/wp\/v2\/categories?post=3423"},{"taxonomy":"post_tag","embeddable":true,"href":"https:\/\/qubyx.com\/fr\/wp-json\/wp\/v2\/tags?post=3423"}],"curies":[{"name":"wp","href":"https:\/\/api.w.org\/{rel}","templated":true}]}}